[{"@context":"https:\/\/schema.org\/","@type":"Article","@id":"https:\/\/www.rep-checa.cz\/vyvoj-modnich-trendu-dvacateho-stoleti\/#Article","mainEntityOfPage":"https:\/\/www.rep-checa.cz\/vyvoj-modnich-trendu-dvacateho-stoleti\/","headline":"V\u00fdvoj m\u00f3dn\u00edch trend\u016f dvac\u00e1t\u00e9ho stolet\u00ed","name":"V\u00fdvoj m\u00f3dn\u00edch trend\u016f dvac\u00e1t\u00e9ho stolet\u00ed","description":"Na\u0161e putov\u00e1n\u00ed po historick\u00fdch pramenech za\u010dneme na po\u010d\u00e1tku prvn\u00ed sv\u011btov\u00e9 v\u00e1lky. Za vl\u00e1dy habsbursk\u00e9ho monarchy, c\u00edsa\u0159e Franti\u0161ka Josefa I. v\u00a0dob\u011b Rakouska-Uherska \u017eeny nej\u010dast\u011bji obl\u00e9kaly dlouh\u00e9 voln\u00e9 \u0161aty od ramen a\u017e po kotn\u00edky. Zcela zahalen\u00e9 d\u00e1my nosily klobouky, n\u011bkdy zdoben\u00e9 pta\u010d\u00edm pe\u0159\u00edm, kter\u00e9 dopl\u0148ovaly b\u00edl\u00e9 rukavi\u010dky a roztomil\u00e9 slune\u010dn\u00edky. Mu\u017ei vych\u00e1zeli v\u00a0dlouh\u00fdch kalhot\u00e1ch a nej\u010dast\u011bji v\u00a0kostkovan\u00e9m [&hellip;]","datePublished":"2025-03-05","dateModified":"2023-05-03","author":{"@type":"Person","@id":"https:\/\/www.rep-checa.cz\/author\/#Person","name":"","url":"https:\/\/www.rep-checa.cz\/author\/","identifier":1,"image":{"@type":"ImageObject","@id":"https:\/\/secure.gravatar.com\/avatar\/7b822bed19dfbc78d1cf42b3649cc2489d12c54b7aef64ae719c01ed9f13d563?s=96&d=mm&r=g","url":"https:\/\/secure.gravatar.com\/avatar\/7b822bed19dfbc78d1cf42b3649cc2489d12c54b7aef64ae719c01ed9f13d563?s=96&d=mm&r=g","height":96,"width":96}},"publisher":{"@type":"Organization","name":"rep-checa.cz","logo":{"@type":"ImageObject","@id":"\/logo.png","url":"\/logo.png","width":600,"height":60}},"image":{"@type":"ImageObject","@id":"https:\/\/www.rep-checa.cz\/wp-content\/uploads\/img_a328468_w2611_t1540733465.jpg","url":"https:\/\/www.rep-checa.cz\/wp-content\/uploads\/img_a328468_w2611_t1540733465.jpg","height":0,"width":0},"url":"https:\/\/www.rep-checa.cz\/vyvoj-modnich-trendu-dvacateho-stoleti\/","about":["M\u00f3da"],"wordCount":618,"articleBody":"Na\u0161e putov\u00e1n\u00ed po historick\u00fdch pramenech za\u010dneme na po\u010d\u00e1tku prvn\u00ed sv\u011btov\u00e9 v\u00e1lky. Za vl\u00e1dy habsbursk\u00e9ho monarchy, c\u00edsa\u0159e Franti\u0161ka Josefa I. v\u00a0dob\u011b Rakouska-Uherska \u017eeny nej\u010dast\u011bji obl\u00e9kaly dlouh\u00e9 voln\u00e9 \u0161aty od ramen a\u017e po kotn\u00edky. Zcela zahalen\u00e9 d\u00e1my nosily klobouky, n\u011bkdy zdoben\u00e9 pta\u010d\u00edm pe\u0159\u00edm, kter\u00e9 dopl\u0148ovaly b\u00edl\u00e9 rukavi\u010dky a roztomil\u00e9 slune\u010dn\u00edky. Mu\u017ei vych\u00e1zeli v\u00a0dlouh\u00fdch kalhot\u00e1ch a nej\u010dast\u011bji v\u00a0kostkovan\u00e9m saku, v\u017edy s\u00a0kloboukem, a zpravidla v\u0161ichni museli m\u00edt mohutn\u00fd a dlouh\u00fd kn\u00edr.Na tuto velmi zvl\u00e1\u0161tn\u00ed dobu, kdy na evropsk\u00fdch boji\u0161t\u00edch padlo n\u011bkolik milion\u016f mu\u017e\u016f, a to v\u00a0podstat\u011b naprosto zbyte\u010dn\u011b, nav\u00e1zalo obdob\u00ed hospod\u00e1\u0159sk\u00e9 konjunktury a brzy nato i hlubok\u00e9ho propadu d\u00edky krachu ne newyorsk\u00e9 burze.Byla to dvac\u00e1t\u00e1 a t\u0159ic\u00e1t\u00e1 l\u00e9ta, n\u00e1stup Teorie relativity Alberta Einsteina, obdob\u00ed sl\u00e1vy jeho p\u0159\u00edtele Charlie Chaplina, tedy filmov\u00fdch grotesek s\u00a0protagonisty, kte\u0159\u00ed byli tak\u00e9 sou\u010d\u00e1st\u00ed m\u00f3dn\u00edch trend\u016f. Mu\u017ei nosili slam\u011bn\u00e9 klobouky a bu\u0159inky, kn\u00edr zmizel a nahradila jej naprosto hladk\u00e1 tv\u00e1\u0159. Na saku bylo patrn\u00e9 ji\u017e zap\u00edn\u00e1n\u00ed ve dvou \u0159ad\u00e1ch. Sv\u011btu vl\u00e1dl Charleston a tomu se p\u0159izp\u016fsobila i \u017eensk\u00e1 m\u00f3da \u0161ifonov\u00fdch \u0161at\u016f s\u00a0tenk\u00fdmi ram\u00ednky r\u016fzn\u00fdch st\u0159ih\u016f a barev.\tHospod\u00e1\u0159sk\u00e1 krizeV\u00a0polovin\u011b 30. let se mu\u017ei op\u011bt za\u010d\u00ednali ladit do vzhledu sv\u00fdch p\u0159edk\u016f. Op\u011bt byly v\u00a0m\u00f3d\u011b kn\u00edry, slam\u00e1ky vyst\u0159\u00eddal obl\u00edben\u00fd semi\u0161 a klasick\u00e9 mot\u00fdlky ji\u017e nahradily prvn\u00ed kravaty. Kravata b\u00fdv\u00e1 symbolem upjatosti a sv\u00e1zanosti a tomu tak\u00e9 odpov\u00eddala tehdej\u0161\u00ed doby pln\u00e1 nejistoty, kter\u00e1 vy\u00fastila v\u00a0nejstra\u0161n\u011bj\u0161\u00ed krveprolit\u00ed v\u00a0d\u011bjin\u00e1ch lidstva. \u017densk\u00e1 m\u00f3da p\u0159ich\u00e1z\u00ed s\u00a0odv\u00e1\u017en\u00fdmi \u017eiv\u016ftky a elegantn\u00edmi spole\u010densk\u00fdmi \u0161aty, kter\u00e9 jsou dob\u0159e patrn\u00e9 nap\u0159. z\u00a0film\u016f s\u00a0Adinou Mandlovou.\tPades\u00e1t\u00e1 l\u00e9ta\u017den\u00e1m slu\u0161\u00ed ve spole\u010dnosti mal\u00fd klobou\u010dek, drobn\u00e1 psan\u00ed\u010dka \u2013 kabelky do jedn\u00e9 ruky a b\u00edl\u00e9 rukavi\u010dky. Mu\u017ei ov\u0161em jdou svou vlastn\u00ed cestou a nepohodln\u00e9 drsn\u00e9 kalhoty vyst\u0159\u00eddaly prvn\u00ed rifle a tvrd\u00e9 polobotky zas kecky, tzv. pl\u00e1t\u011bnky. Pozd\u011bji nastupuj\u00ed gely na vlasy (film Pom\u00e1da) a z\u00a0upjat\u00fdch spole\u010densk\u00fdch pravidel se st\u00e1v\u00e1 obdob\u00ed Hippies \u2013 tot\u00e1ln\u00ed svobody a volnosti, pestr\u00fdch \u0161at\u016f a mnoha m\u00f3dn\u00edch trend\u016f.\t80. l\u00e9taTuhle dobu ji\u017e mnoz\u00ed z\u00a0n\u00e1s pamatuj\u00ed, pestrobarevn\u00e9 materi\u00e1ly 70. let dopl\u0148uj\u00ed slu\u0161iv\u00e9 styly bund do pasu, modern\u00edch \u201emrkv\u00e1\u010d\u016f\u201c, \u0161\u00e1tky do vlas\u016f, rozhalen\u00e9 ko\u0161ile s\u00a0le\u017e\u00e9rn\u00ed tenkou ko\u017eenou kravatou a p\u0159edev\u0161\u00edm del\u0161\u00ed vlasy. Mu\u017ei je nosili nej\u010dast\u011bji na ramena, \u017eeny zas napodobovaly hudebn\u00ed idoly typu Madonny, ve form\u011b trval\u00e9 ondulace.\tKam se pod\u011bla \u017eenskost a p\u0159irozen\u00e1 eleganceV\u00a090. letech se m\u00f3da m\u011bn\u00ed kamsi do stylu \u0161ed\u00fdch my\u0161\u00ed. Lid\u00e9 se p\u0159\u00edli\u0161 uzav\u00edraj\u00ed do sebe a tomu nahr\u00e1v\u00e1 i trend nam\u00edsto pastelov\u00fdch barev volit nej\u010dast\u011bji \u0161edou, tmav\u011b modrou a \u010dernou. \u017deny se sna\u017e\u00ed vyrovnat mu\u017e\u016fm ve v\u0161ech sf\u00e9r\u00e1ch \u2013 ve sportu i ve spole\u010dnosti, vytr\u00e1c\u00ed se \u017eenskost a v\u00a0nov\u00e9m mil\u00e9niu se objevuj\u00ed dokonce kalhoty do zvonu. \u017deny je dopln\u00ed st\u0159ihem \u201eboyfriend\u201c s\u00a0ko\u017eenou bundou a ko\u0161il\u00ed, mu\u017ei k\u00a0rifl\u00edm nos\u00ed ko\u0161ile voln\u00e9, kter\u00e9 ji\u017e nejsou zastr\u010den\u00e9 do kalhot.                                                                                                                                                                                                                                                                                                                                                                                        3.7\/5 - (8 votes)        "},{"@context":"https:\/\/schema.org\/","@type":"BreadcrumbList","itemListElement":[{"@type":"ListItem","position":1,"name":"V\u00fdvoj m\u00f3dn\u00edch trend\u016f dvac\u00e1t\u00e9ho stolet\u00ed","item":"https:\/\/www.rep-checa.cz\/vyvoj-modnich-trendu-dvacateho-stoleti\/#breadcrumbitem"}]}]