[{"@context":"https:\/\/schema.org\/","@type":"Article","@id":"https:\/\/www.rep-checa.cz\/pryc-od-pocitace\/#Article","mainEntityOfPage":"https:\/\/www.rep-checa.cz\/pryc-od-pocitace\/","headline":"Pry\u010d od po\u010d\u00edta\u010de","name":"Pry\u010d od po\u010d\u00edta\u010de","description":"P\u0159ipad\u00e1 v\u00e1m, \u017ee va\u0161e d\u00edt\u011b cel\u00fd den sed\u00ed jen u po\u010d\u00edta\u010de a v\u016fbec se od n\u011bj nehne? Neust\u00e1le sed\u00ed na soci\u00e1ln\u00edch s\u00edt\u00edch nebo hraje n\u011bjak\u00e9 \u0161\u00edlen\u00e9 po\u010d\u00edta\u010dov\u00e9 hry? Pamatujete si na sv\u00e1 d\u011btsk\u00e1 l\u00e9ta, kter\u00e1 jste str\u00e1vili venku s ostatn\u00edmi kamar\u00e1dy, a bylo v\u00e1m nejl\u00e9pe? Pak m\u00e1me pro va\u0161e d\u011bti \u0159e\u0161en\u00ed, po\u0161lete je na letn\u00ed [&hellip;]","datePublished":"2024-11-30","dateModified":"2024-11-30","author":{"@type":"Person","@id":"https:\/\/www.rep-checa.cz\/author\/#Person","name":"","url":"https:\/\/www.rep-checa.cz\/author\/","identifier":1,"image":{"@type":"ImageObject","@id":"https:\/\/secure.gravatar.com\/avatar\/7b822bed19dfbc78d1cf42b3649cc2489d12c54b7aef64ae719c01ed9f13d563?s=96&d=mm&r=g","url":"https:\/\/secure.gravatar.com\/avatar\/7b822bed19dfbc78d1cf42b3649cc2489d12c54b7aef64ae719c01ed9f13d563?s=96&d=mm&r=g","height":96,"width":96}},"publisher":{"@type":"Organization","name":"rep-checa.cz","logo":{"@type":"ImageObject","@id":"\/logo.png","url":"\/logo.png","width":600,"height":60}},"url":"https:\/\/www.rep-checa.cz\/pryc-od-pocitace\/","wordCount":194,"articleBody":"P\u0159ipad\u00e1 v\u00e1m, \u017ee va\u0161e d\u00edt\u011b cel\u00fd den sed\u00ed jen u po\u010d\u00edta\u010de a v\u016fbec se od n\u011bj nehne? Neust\u00e1le sed\u00ed na soci\u00e1ln\u00edch s\u00edt\u00edch nebo hraje n\u011bjak\u00e9 \u0161\u00edlen\u00e9 po\u010d\u00edta\u010dov\u00e9 hry? Pamatujete si na sv\u00e1 d\u011btsk\u00e1 l\u00e9ta, kter\u00e1 jste str\u00e1vili venku s ostatn\u00edmi kamar\u00e1dy, a bylo v\u00e1m nejl\u00e9pe? Pak m\u00e1me pro va\u0161e d\u011bti \u0159e\u0161en\u00ed, po\u0161lete je na letn\u00ed t\u00e1bor.N\u011bco nov\u00e9hoDne\u0161n\u00ed d\u011bti maj\u00ed minimum pohybu. Nejsou na sporty nadan\u00e9. A neust\u00e1le sed\u00ed jen u po\u010d\u00edta\u010de a hraj\u00ed ty pitom\u00e9 hry. Toto jsou st\u00ed\u017enosti mnoha rodi\u010d\u016f a ve v\u011bt\u0161in\u011b p\u0159\u00edpad\u016f jsou opr\u00e1vn\u011bn\u00e9. Rodi\u010de se boj\u00ed pos\u00edlat sv\u00e9 d\u011bti hr\u00e1t si ven samotn\u00e9, a proto\u017ee pracuj\u00ed, nemohou se jim venku neust\u00e1le v\u011bnovat. Proto ale m\u016f\u017eete vyu\u017e\u00edt alespo\u0148 \u010dasu o pr\u00e1zdnin\u00e1ch a poslat je na letn\u00ed t\u00e1bor, kde se jim dostane dostate\u010dn\u011b pohybu a je\u0161t\u011b z n\u011bj budou nad\u0161en\u00e9.                                                                                                                                                                                                                                                                                                                                                                                        5\/5 - (5 votes)        "},{"@context":"https:\/\/schema.org\/","@type":"BreadcrumbList","itemListElement":[{"@type":"ListItem","position":1,"name":"Pry\u010d od po\u010d\u00edta\u010de","item":"https:\/\/www.rep-checa.cz\/pryc-od-pocitace\/#breadcrumbitem"}]}]