[{"@context":"https:\/\/schema.org\/","@type":"Article","@id":"https:\/\/www.rep-checa.cz\/pro-konferencni-stolky-se-obratte-na-nas\/#Article","mainEntityOfPage":"https:\/\/www.rep-checa.cz\/pro-konferencni-stolky-se-obratte-na-nas\/","headline":"Pro konferen\u010dn\u00ed stolky se obra\u0165te na n\u00e1s","name":"Pro konferen\u010dn\u00ed stolky se obra\u0165te na n\u00e1s","description":"Jste i vy jedn\u00edm z\u00a0lid\u00ed, kter\u00fdm se d\u00e1 doopravdy ve v\u0161em d\u016fv\u011b\u0159ovat, nemus\u00edte se s\u00a0nimi spolupr\u00e1ce b\u00e1t a dostanete doopravdy to, co o\u010dek\u00e1v\u00e1te od profesion\u00e1l\u016f? Chcete naj\u00edt n\u011bkoho, kdo m\u00e1 mnoho zku\u0161enost\u00ed, praxe a jde mu o to, abyste si u n\u011bj vybrali v\u017edy a jen tu nejvy\u0161\u0161\u00ed mo\u017enou kvalitu? Pokud je tomu tak a [&hellip;]","datePublished":"2024-04-29","dateModified":"2024-04-29","author":{"@type":"Person","@id":"https:\/\/www.rep-checa.cz\/author\/#Person","name":"","url":"https:\/\/www.rep-checa.cz\/author\/","identifier":1,"image":{"@type":"ImageObject","@id":"https:\/\/secure.gravatar.com\/avatar\/7b822bed19dfbc78d1cf42b3649cc2489d12c54b7aef64ae719c01ed9f13d563?s=96&d=mm&r=g","url":"https:\/\/secure.gravatar.com\/avatar\/7b822bed19dfbc78d1cf42b3649cc2489d12c54b7aef64ae719c01ed9f13d563?s=96&d=mm&r=g","height":96,"width":96}},"publisher":{"@type":"Organization","name":"rep-checa.cz","logo":{"@type":"ImageObject","@id":"\/logo.png","url":"\/logo.png","width":600,"height":60}},"url":"https:\/\/www.rep-checa.cz\/pro-konferencni-stolky-se-obratte-na-nas\/","wordCount":240,"articleBody":"Jste i vy jedn\u00edm z\u00a0lid\u00ed, kter\u00fdm se d\u00e1 doopravdy ve v\u0161em d\u016fv\u011b\u0159ovat, nemus\u00edte se s\u00a0nimi spolupr\u00e1ce b\u00e1t a dostanete doopravdy to, co o\u010dek\u00e1v\u00e1te od profesion\u00e1l\u016f? Chcete naj\u00edt n\u011bkoho, kdo m\u00e1 mnoho zku\u0161enost\u00ed, praxe a jde mu o to, abyste si u n\u011bj vybrali v\u017edy a jen tu nejvy\u0161\u0161\u00ed mo\u017enou kvalitu? Pokud je tomu tak a chcete si koupit dom\u016f konferen\u010dn\u00ed stolky, jednodu\u0161e kontaktujte na\u0161i spole\u010dnost. Pohybujeme se v\u00a0tomto oboru mnoho let a sna\u017e\u00edme se, abyste od n\u00e1s dostali kvalitn\u00ed a modern\u00ed pomoc. I d\u00edky tomu je pro v\u00e1s spolupr\u00e1ce s\u00a0na\u0161\u00ed spole\u010dnost\u00ed takov\u00fdm \u0159e\u0161en\u00edm, kter\u00e9 v\u00e1m bude jist\u011b vyhovovat. I d\u00edky tomu jist\u011b spln\u00edme v\u0161e po\u017eadavky.M\u00e1me v\u00a0nab\u00eddce pouze vysoce kvalitn\u00ed v\u00fdrobkyNa\u0161e firma m\u00e1 v\u00a0nab\u00eddce pouze a jen vysoce kvalitn\u00ed a modern\u00ed v\u00fdrobky. Na\u0161i dodavatel\u00e9 jsou specialist\u00e9, kter\u00fdm ve v\u0161em d\u016fv\u011b\u0159ujeme a dod\u00e1vaj\u00ed n\u00e1m pouze a jen vysokou kvalitu. I d\u00edky tomu si u n\u00e1s ka\u017ed\u00fd vybere to, co chce a co spln\u00ed jeho po\u017eadavky na sto procent. I d\u00edky tomu je pro v\u00e1s t\u00edm partnerem, se kter\u00fdm se nemus\u00edte ni\u010deho b\u00e1t.                                                                                                                                                                                                                                                                                                                                                                                        4.5\/5 - (11 votes)        "},{"@context":"https:\/\/schema.org\/","@type":"BreadcrumbList","itemListElement":[{"@type":"ListItem","position":1,"name":"Pro konferen\u010dn\u00ed stolky se obra\u0165te na n\u00e1s","item":"https:\/\/www.rep-checa.cz\/pro-konferencni-stolky-se-obratte-na-nas\/#breadcrumbitem"}]}]