[{"@context":"https:\/\/schema.org\/","@type":"Article","@id":"https:\/\/www.rep-checa.cz\/polska-kultura\/#Article","mainEntityOfPage":"https:\/\/www.rep-checa.cz\/polska-kultura\/","headline":"Polsk\u00e1 kultura","name":"Polsk\u00e1 kultura","description":"Polsko by se dalo pova\u017eovat za zemi, kde je kultura opom\u00edjena a to nepr\u00e1vem. Nej\u00fasp\u011b\u0161n\u011bj\u0161\u00ed byl z\u00a0liter\u00e1rn\u00edch obdob\u00ed romantismus. Mo\u017en\u00e1 jste i vy u\u017e n\u011bkdy n\u011bco sly\u0161eli o Adamovi Mickiewiczovi. Byl velmi zn\u00e1m\u00fd. V\u011bt\u0161ina lid\u00ed zn\u00e1 ale sp\u00ed\u0161e Henrika Sinkiewicze, mezi jeho\u017e d\u00edla bychom mohli za\u0159adit Pou\u0161t\u00ed a pralesem. I v\u00a0dne\u0161n\u00ed dob\u011b je st\u00e1le polsk\u00e1 [&hellip;]","datePublished":"2019-06-12","dateModified":"2023-05-03","author":{"@type":"Person","@id":"https:\/\/www.rep-checa.cz\/author\/#Person","name":"","url":"https:\/\/www.rep-checa.cz\/author\/","identifier":1,"image":{"@type":"ImageObject","@id":"https:\/\/secure.gravatar.com\/avatar\/7b822bed19dfbc78d1cf42b3649cc2489d12c54b7aef64ae719c01ed9f13d563?s=96&d=mm&r=g","url":"https:\/\/secure.gravatar.com\/avatar\/7b822bed19dfbc78d1cf42b3649cc2489d12c54b7aef64ae719c01ed9f13d563?s=96&d=mm&r=g","height":96,"width":96}},"publisher":{"@type":"Organization","name":"rep-checa.cz","logo":{"@type":"ImageObject","@id":"\/logo.png","url":"\/logo.png","width":600,"height":60}},"image":{"@type":"ImageObject","@id":"https:\/\/www.rep-checa.cz\/wp-content\/uploads\/img_a348480_w2611_t1563276074.jpg","url":"https:\/\/www.rep-checa.cz\/wp-content\/uploads\/img_a348480_w2611_t1563276074.jpg","height":0,"width":0},"url":"https:\/\/www.rep-checa.cz\/polska-kultura\/","about":["Kultura"],"wordCount":407,"articleBody":"Polsko by se dalo pova\u017eovat za zemi, kde je kultura opom\u00edjena a to nepr\u00e1vem. Nej\u00fasp\u011b\u0161n\u011bj\u0161\u00ed byl z\u00a0liter\u00e1rn\u00edch obdob\u00ed romantismus. Mo\u017en\u00e1 jste i vy u\u017e n\u011bkdy n\u011bco sly\u0161eli o Adamovi Mickiewiczovi. Byl velmi zn\u00e1m\u00fd. V\u011bt\u0161ina lid\u00ed zn\u00e1 ale sp\u00ed\u0161e Henrika Sinkiewicze, mezi jeho\u017e d\u00edla bychom mohli za\u0159adit Pou\u0161t\u00ed a pralesem.I v\u00a0dne\u0161n\u00ed dob\u011b je st\u00e1le polsk\u00e1 literatura velmi obl\u00edben\u00e1 a to zejm\u00e9na u t\u011bch, kte\u0159\u00ed maj\u00ed r\u00e1di fantasy.\u00dasp\u011bch ale p\u0159inesli i jin\u00ed. Nap\u0159\u00edklad takov\u00ed filmov\u00ed re\u017eis\u00e9\u0159i, jako je Andrzej Wajda apod.Z\u00a0Polska tak\u00e9 poch\u00e1zel Fryderyk Chopin.I p\u0159esto, \u017ee Polsko \u00fapln\u011b nepat\u0159\u00ed mezi turistick\u00e9 destinace, kter\u00e9 by byly typick\u00e9, st\u00e1le se zde setk\u00e1te s\u00a0modern\u00ed civilizac\u00ed a v\u00a0neposledn\u00ed \u0159ad\u011b tak\u00e9 turistick\u00fd standard. V\u00fdjimku mohou p\u0159edstavovat odlehl\u00e1 m\u00edsta, kter\u00e9 lze naj\u00edt na venkov\u011b. Na druhou stranu jsou zde ale lid\u00e9 mil\u00ed, kte\u0159\u00ed v\u00e1m v\u017edy a hlavn\u011b ochotn\u011b nab\u00eddnou pomocnou ruku.Nikoho jist\u011b nep\u0159ekvap\u00ed to, \u017ee \u00fa\u0159edn\u00ed \u0159e\u010d\u00ed je pol\u0161tina. Stejn\u011b tak jako \u010de\u0161tina se jedn\u00e1 o jazyk slovansk\u00fd. Je tedy v\u00fdhodn\u00e9, \u017ee se v\u00a0Polsku dorozum\u00edte i \u010desky. Je t\u0159eba si ale d\u00e1vat pozor na to, \u017ee n\u011bkter\u00e1 slova mo\u017en\u00e1 zn\u00ed stejn\u011b, ale v\u00fdznam maj\u00ed \u00fapln\u011b jin\u00fd. Velk\u00e1 spousta Pol\u00e1k\u016f u\u017e ale v\u00a0dne\u0161n\u00ed dob\u011b hovo\u0159\u00ed i anglicky nebo dokonce n\u011bmecky.Co se t\u00fdk\u00e1 obyvatel, t\u011bch je zde okolo 40 mili\u00f3n\u016f. Jedn\u00e1 se o osm\u00fd nejlidnat\u011bj\u0161\u00ed st\u00e1t z\u00a0cel\u00e9 Evropy. Pol\u00e1ci tvo\u0159\u00ed a\u017e 99% populace.\u017divot nyn\u011bj\u0161\u00edch obyvatel velmi ovlivnili \u017did\u00e9. I v\u00a0dne\u0161n\u00ed dob\u011b jsou st\u00e1le Pol\u00e1ci obvi\u0148ov\u00e1ni z\u00a0antisemitismu. Nesm\u00edte b\u00fdt tedy p\u0159ekvapeni t\u00edm, kdy\u017e na zdech najdete n\u00e1pisy, kter\u00e9 nebudou \u00fapln\u011b vhodn\u00e9. I p\u0159es tento fakt se ale Pol\u00e1ci chovaj\u00ed ke sv\u00fdm host\u016fm mile. Nejen to. Dokonce i otev\u0159en\u011b a p\u0159\u00e1telsky.Mo\u017en\u00e1 v\u00e1s p\u0159ekvap\u00ed, \u017ee skoro v\u0161ichni obyvatel\u00e9 jsou k\u0159es\u0165any. Najdeme zde ale i \u0159\u00edmskokatolick\u00e9 vyzn\u00e1n\u00ed. Obyvatel\u00e9 \u017eij\u00ed \u00fapln\u011b stejn\u011b, jako v\u0161ichni v\u00a0ostatn\u00edch zem\u00edch. Dodr\u017euj\u00ed ale mnohem v\u00edce zvyky a tak\u00e9 tradice. C\u00edrkev a jej\u00ed postaven\u00ed je velmi siln\u00e9.                                                                                                                                                                                                                                                                                                                                                                                        4.5\/5 - (11 votes)        "},{"@context":"https:\/\/schema.org\/","@type":"BreadcrumbList","itemListElement":[{"@type":"ListItem","position":1,"name":"Polsk\u00e1 kultura","item":"https:\/\/www.rep-checa.cz\/polska-kultura\/#breadcrumbitem"}]}]