[{"@context":"https:\/\/schema.org\/","@type":"Article","@id":"https:\/\/www.rep-checa.cz\/je-vhodne-pouzivat-v-byte-dekorace-jako-jsou-dekorativni-lampy-ci-keramicky-andel\/#Article","mainEntityOfPage":"https:\/\/www.rep-checa.cz\/je-vhodne-pouzivat-v-byte-dekorace-jako-jsou-dekorativni-lampy-ci-keramicky-andel\/","headline":"Je vhodn\u00e9 pou\u017e\u00edvat v byt\u011b dekorace, jako jsou dekorativn\u00ed lampy \u010di keramick\u00fd and\u011bl?","name":"Je vhodn\u00e9 pou\u017e\u00edvat v byt\u011b dekorace, jako jsou dekorativn\u00ed lampy \u010di keramick\u00fd and\u011bl?","description":"Asi ka\u017ed\u00fd z n\u00e1s chce, aby jeho domov vypadal co nejl\u00e9pe, aby p\u016fsobil \u00fatuln\u011b a c\u00edtili jsme se v n\u011bm dob\u0159e. Ov\u0161em vytvo\u0159en\u00ed takov\u00e9 atmosf\u00e9ry nen\u00ed tak jednoduch\u00e9, jak by se mohlo na prvn\u00ed pohled zd\u00e1t. Proto nen\u00ed divu, \u017ee si pom\u00e1h\u00e1me nejr\u016fzn\u011bj\u0161\u00edmi dopl\u0148ky \u010di ozdobn\u00fdmi p\u0159edm\u011bty, jako jsou nap\u0159\u00edklad dekorativn\u00ed lampy \u010di keramick\u00fd and\u011bl. [&hellip;]","datePublished":"2021-06-13","dateModified":"2023-05-03","author":{"@type":"Person","@id":"https:\/\/www.rep-checa.cz\/author\/#Person","name":"","url":"https:\/\/www.rep-checa.cz\/author\/","identifier":1,"image":{"@type":"ImageObject","@id":"https:\/\/secure.gravatar.com\/avatar\/7b822bed19dfbc78d1cf42b3649cc2489d12c54b7aef64ae719c01ed9f13d563?s=96&d=mm&r=g","url":"https:\/\/secure.gravatar.com\/avatar\/7b822bed19dfbc78d1cf42b3649cc2489d12c54b7aef64ae719c01ed9f13d563?s=96&d=mm&r=g","height":96,"width":96}},"publisher":{"@type":"Organization","name":"rep-checa.cz","logo":{"@type":"ImageObject","@id":"\/logo.png","url":"\/logo.png","width":600,"height":60}},"image":{"@type":"ImageObject","@id":"https:\/\/www.rep-checa.cz\/wp-content\/uploads\/andilek-stojici-bily-7-cm-4-ks_lRaPZJ.jpg","url":"https:\/\/www.rep-checa.cz\/wp-content\/uploads\/andilek-stojici-bily-7-cm-4-ks_lRaPZJ.jpg","height":0,"width":0},"url":"https:\/\/www.rep-checa.cz\/je-vhodne-pouzivat-v-byte-dekorace-jako-jsou-dekorativni-lampy-ci-keramicky-andel\/","about":["V\u00fdrobky"],"wordCount":414,"articleBody":"         Asi ka\u017ed\u00fd z n\u00e1s chce, aby jeho domov vypadal co nejl\u00e9pe, aby p\u016fsobil \u00fatuln\u011b a c\u00edtili jsme se v n\u011bm dob\u0159e. Ov\u0161em vytvo\u0159en\u00ed takov\u00e9 atmosf\u00e9ry nen\u00ed tak jednoduch\u00e9, jak by se mohlo na prvn\u00ed pohled zd\u00e1t. Proto nen\u00ed divu, \u017ee si pom\u00e1h\u00e1me nejr\u016fzn\u011bj\u0161\u00edmi dopl\u0148ky \u010di ozdobn\u00fdmi p\u0159edm\u011bty, jako jsou nap\u0159\u00edklad dekorativn\u00ed lampy \u010di keramick\u00fd and\u011bl. Faktem v\u0161ak je, \u017ee ani jejich um\u00edst\u011bn\u00ed nen\u00ed z\u00e1rukou, \u017ee n\u00e1\u0161 domov bude vypadat dob\u0159e. I zde se toti\u017e skr\u00fdv\u00e1 pom\u011brn\u011b velk\u00e9 nebezpe\u010d\u00ed. Jedn\u00edm z nich je, \u017ee m\u016f\u017eeme snadno propadnout k\u00fd\u010di a, jednodu\u0161e \u0159e\u010deno, to s dekoracemi p\u0159ehnat.  Tomu nahr\u00e1v\u00e1 i nab\u00eddka nejr\u016fzn\u011bj\u0161\u00edch p\u0159edm\u011bt\u016f, kter\u00e9 najdeme v obchodech s levn\u00fdm zbo\u017e\u00edm typu Pepco. Zde najdeme p\u0159edev\u0161\u00edm v\u011bci, kter\u00e9 jsou velmi v\u00fdrazn\u00e9, bl\u00fdskav\u00e9, a kter\u00e9 hned zaujmou. A koneckonc\u016f, to je i hlavn\u00edm c\u00edlem \u2013 pokud si jich nev\u0161imneme, ani si je nekoup\u00edme. To je samoz\u0159ejm\u011b logick\u00e9, a v\u011bt\u0161ina z n\u00e1s tomuto obchodn\u00edmu triku d\u0159\u00edve \u010di pozd\u011bji podlehne. Probl\u00e9m je, \u017ee dekorace by ve v\u011bt\u0161in\u011b p\u0159edm\u011bt\u016f nem\u011bly b\u00fdt hlavn\u00edm motivem dan\u00e9 m\u00edstnosti, n\u00fdbr\u017e jen vhodn\u011b dopl\u0148ovat celkov\u00fd vzhled. Nav\u00edc, pokud bude na jednom m\u00edst\u011b v\u00edce takov\u00fdch v\u00fdrazn\u00fdch p\u0159edm\u011bt\u016f, zvl\u00e1\u0161t\u011b pokud bude ka\u017ed\u00fd jin\u00fd, pak je snadno mo\u017en\u00e9, \u017ee se mezi sebou budou takzvan\u011b \u201etlouci\u201c. A v\u011b\u0159te, \u017ee v\u00fdsledn\u00fd dojem rozhodn\u011b p\u011bkn\u00fd nebude.  T\u00edm samoz\u0159ejm\u011b nen\u00ed \u0159e\u010deno, \u017ee bychom \u017e\u00e1dn\u00e9 dekorace nem\u011bli pou\u017e\u00edvat. Naopak, pokud se pou\u017e\u00edvaj\u00ed rozumn\u011b, a jsou vhodn\u011b zvoleny, mohou ud\u011blat z na\u0161eho domu skute\u010dn\u011b \u00fa\u017easn\u00e9 m\u00edsto. Jen je t\u0159eba pamatovat, \u017ee i zde m\u00e9n\u011b mnohdy znamen\u00e1 v\u00edce. Z\u00e1le\u017e\u00ed tedy jen na n\u00e1s, kter\u00e9 si vybereme. Jen m\u011bjme na pam\u011bti, \u017ee rozhodn\u011b nen\u00ed dobr\u00e9 propadnout nejr\u016fzn\u011bj\u0161\u00edm prodejn\u00edm trik\u016fm, i kdy\u017e to m\u016f\u017ee b\u00fdt rozhodn\u011b l\u00e1kav\u00e9. V\u011b\u0159te, \u017ee v\u00fdsledek by rozhodn\u011b nepot\u011b\u0161il nejen v\u00e1s, ale ani n\u00e1v\u0161t\u011bvy, kter\u00e9 u sebe budete hostit. A to by byla velk\u00e1 \u0161koda, nemysl\u00edte?                                                                                                                                                                                                                                                                                                                                                                                          4.2\/5 - (12 votes)        "},{"@context":"https:\/\/schema.org\/","@type":"BreadcrumbList","itemListElement":[{"@type":"ListItem","position":1,"name":"Je vhodn\u00e9 pou\u017e\u00edvat v byt\u011b dekorace, jako jsou dekorativn\u00ed lampy \u010di keramick\u00fd and\u011bl?","item":"https:\/\/www.rep-checa.cz\/je-vhodne-pouzivat-v-byte-dekorace-jako-jsou-dekorativni-lampy-ci-keramicky-andel\/#breadcrumbitem"}]}]