[{"@context":"https:\/\/schema.org\/","@type":"Article","@id":"https:\/\/www.rep-checa.cz\/babi-leto-konci-pripravy-na-zimu-zacinaji\/#Article","mainEntityOfPage":"https:\/\/www.rep-checa.cz\/babi-leto-konci-pripravy-na-zimu-zacinaji\/","headline":"Bab\u00ed l\u00e9to kon\u010d\u00ed, p\u0159\u00edpravy na zimu za\u010d\u00ednaj\u00ed","name":"Bab\u00ed l\u00e9to kon\u010d\u00ed, p\u0159\u00edpravy na zimu za\u010d\u00ednaj\u00ed","description":"Mnoho z\u00a0n\u00e1s m\u00e1 svou vlastn\u00ed zahr\u00e1dku, na kter\u00e9 r\u00e1d p\u011bstuje r\u016fzn\u00e9 plody a koch\u00e1 se bohatou \u00farodou. Jako ka\u017ed\u00fd rok n\u00e1m nastalo obdob\u00ed, kdy je pot\u0159eba p\u0159\u00edrod\u011b trochu pomoct a obnovit p\u016fdu, pro nov\u00e9 plody. Sklidit zbylou \u00farodu, o\u0161et\u0159it a nachystat stromy, aby nezmrzli a d\u00e1t p\u016fd\u011b pot\u0159ebn\u00e9 vitam\u00edny pomoc\u00ed \u010derstv\u00e9ho hnoje. Ale t\u00edm p\u0159\u00edpravy [&hellip;]","datePublished":"2025-03-04","dateModified":"2023-05-03","author":{"@type":"Person","@id":"https:\/\/www.rep-checa.cz\/author\/#Person","name":"","url":"https:\/\/www.rep-checa.cz\/author\/","identifier":1,"image":{"@type":"ImageObject","@id":"https:\/\/secure.gravatar.com\/avatar\/7b822bed19dfbc78d1cf42b3649cc2489d12c54b7aef64ae719c01ed9f13d563?s=96&d=mm&r=g","url":"https:\/\/secure.gravatar.com\/avatar\/7b822bed19dfbc78d1cf42b3649cc2489d12c54b7aef64ae719c01ed9f13d563?s=96&d=mm&r=g","height":96,"width":96}},"publisher":{"@type":"Organization","name":"rep-checa.cz","logo":{"@type":"ImageObject","@id":"\/logo.png","url":"\/logo.png","width":600,"height":60}},"image":{"@type":"ImageObject","@id":"https:\/\/www.rep-checa.cz\/wp-content\/uploads\/img_a328242_w2611_t1540629440.jpg","url":"https:\/\/www.rep-checa.cz\/wp-content\/uploads\/img_a328242_w2611_t1540629440.jpg","height":0,"width":0},"url":"https:\/\/www.rep-checa.cz\/babi-leto-konci-pripravy-na-zimu-zacinaji\/","about":["D\u016fm a zahrada"],"wordCount":455,"articleBody":"Mnoho z\u00a0n\u00e1s m\u00e1 svou vlastn\u00ed zahr\u00e1dku, na kter\u00e9 r\u00e1d p\u011bstuje r\u016fzn\u00e9 plody a koch\u00e1 se bohatou \u00farodou. Jako ka\u017ed\u00fd rok n\u00e1m nastalo obdob\u00ed, kdy je pot\u0159eba p\u0159\u00edrod\u011b trochu pomoct a obnovit p\u016fdu, pro nov\u00e9 plody. Sklidit zbylou \u00farodu, o\u0161et\u0159it a nachystat stromy, aby nezmrzli a d\u00e1t p\u016fd\u011b pot\u0159ebn\u00e9 vitam\u00edny pomoc\u00ed \u010derstv\u00e9ho hnoje. Ale t\u00edm p\u0159\u00edpravy zdaleka nekon\u010d\u00ed. B\u011bhem bab\u00edho l\u00e9ta m\u016f\u017eeme u\u017e n\u011bjak\u00e9 plody znovu zas\u00e1zet, aby n\u00e1m do l\u00e9ta kr\u00e1sn\u011b zako\u0159enily a vyrostly. A to nejen zeleninu, ale i n\u011bkter\u00e9 stromy.3 druhy zeleniny, kter\u00e9 m\u016f\u017eete u\u017e na podzim zas\u00edt1.\u00a0\u00a0\u00a0\u00a0\u00a0 \u010cesnek\u010cesnek je nejlep\u0161\u00ed s\u00e1zet na p\u0159elomu \u0159\u00edjna a listopadu. S\u00e1z\u00ed se asi 3 cm do hl\u00edny. Pokud se ob\u00e1v\u00e1te, \u017ee v\u00e1m je prolezou \u017e\u00ed\u017ealy a mravenci, m\u016f\u017eete je o\u0161et\u0159it prost\u0159edky ur\u010den\u00fdmi p\u0159\u00edmo na \u010desnek. Pokud nebudou p\u0159\u00edli\u0161 velik\u00e9 mrazy, nemus\u00edte se ob\u00e1vat, \u017ee v\u00e1m zmrzne. Po sklizni se bez n\u011bj v\u00a0kuchyni ur\u010dit\u011b neobejdete. Na r\u016fzn\u00e9 pokrmy ho m\u016f\u017eete pou\u017e\u00edt bu\u010fto v\u00a0celku, nebo su\u0161en\u00fd a co je nejlep\u0161\u00ed tak nalo\u017een\u00fd se sol\u00ed ve sklenic\u00edch. To ho potom m\u016f\u017eete kdykoliv pou\u017e\u00edt i v\u00a0zim\u011b na po\u0159\u00e1dnou \u010desne\u010dku.2.\u00a0\u00a0\u00a0\u00a0\u00a0 Petr\u017eel na\u0165ov\u00e1 i ko\u0159enov\u00e1V\u00a0l\u00e9t\u011b, pokud by bylo velk\u00fd sucho, by ji mohlo slun\u00ed\u010dko sp\u00e1lit. P\u0159es zimu se ko\u0159\u00ednky kr\u00e1sn\u011b zako\u0159en\u00ed a jakmile vyleze prvn\u00ed slune\u010dn\u00ed paprsek za\u010dne kr\u00e1sn\u011b r\u016fst. To u\u017e ji budeme moci postupn\u011b skl\u00edzet u\u017e na konci jara. V\u00fdhoda s\u00edt petr\u017eel na podzim je ta je ji nemus\u00edte nijak obzvl\u00e1\u0161\u0165 o\u0161et\u0159ovat.3.\u00a0\u00a0\u00a0\u00a0\u00a0 Mrkev rann\u00e1Tu m\u016f\u017eeme vys\u00edt je\u0161t\u011b v\u00a0b\u011bhem listopadu. Pokud si ji zakryjete b\u00edlou netkanou textili\u00ed budete m\u00edt d\u00edky tomu d\u0159\u00edv\u011bj\u0161\u00ed a kvalitn\u011bj\u0161\u00ed \u00farodu a z\u00e1rove\u0148 ji uchr\u00e1n\u00edte p\u0159ed za\u010d\u00ednaj\u00edc\u00edmi mrazy.TYP:Pokud se rozhodnete vysazovat ovocn\u00e9 stromy, d\u00e1vejte pozor na ty, kter\u00e9 jsou v\u00edce choulostiv\u00e9 na chlad. Nap\u0159\u00edklad broskev a meru\u0148ky vysazujeme od poloviny z\u00e1\u0159\u00ed do poloviny \u0159\u00edjna, aby se ko\u0159\u00ednky stihly zako\u0159enit a aklimatizovat, tud\u00ed\u017e p\u0159ipravit na chlad.Do z\u00e1honk\u016f s v\u00fd\u017eivnou a t\u011b\u017e\u0161\u00ed p\u016fdou m\u016f\u017eete b\u011bhem listopadu tak\u00e9 vys\u00edt \u0159edkvi\u010dky, sal\u00e1t, cibuli a \u0161pi\u010dat\u00e9 zel\u00ed. A do poloviny listopadu m\u016f\u017eete je\u0161t\u011b vysazovat listnat\u00e9 opadav\u00e9 stromy a r\u016f\u017ee.                                                                                                                                                                                                                                                                                                                                                                                        4\/5 - (4 votes)        "},{"@context":"https:\/\/schema.org\/","@type":"BreadcrumbList","itemListElement":[{"@type":"ListItem","position":1,"name":"Bab\u00ed l\u00e9to kon\u010d\u00ed, p\u0159\u00edpravy na zimu za\u010d\u00ednaj\u00ed","item":"https:\/\/www.rep-checa.cz\/babi-leto-konci-pripravy-na-zimu-zacinaji\/#breadcrumbitem"}]}]